{"id":1900,"date":"2025-09-30T09:56:24","date_gmt":"2025-09-30T07:56:24","guid":{"rendered":"https:\/\/minedarts.fr\/?p=1900"},"modified":"2025-09-30T09:56:25","modified_gmt":"2025-09-30T07:56:25","slug":"rencontres-mine-darts-2025","status":"publish","type":"post","link":"https:\/\/minedarts.fr\/index.php\/2025\/09\/30\/rencontres-mine-darts-2025\/","title":{"rendered":"Rencontres Mine d&rsquo;Arts 2025"},"content":{"rendered":"\n<h2 class=\"wp-block-heading\"><em>Le 8 novembre 2025 l&rsquo;association Mine d&rsquo;Arts organise<\/em><\/h2>\n\n\n\n<h2 class=\"wp-block-heading\"><em>les 9<sup>\u00e8me<\/sup> \u00ab\u00a0Rencontres Mine d&rsquo;Arts\u00a0\u00bb<\/em><\/h2>\n\n\n\n<p><\/p>\n\n\n\n<h2 class=\"wp-block-heading\"><\/h2>\n\n\n\n<p>Le 8 Novembre prochain se d\u00e9rouleront les 9<sup>\u00e8me<\/sup> rencontres Mine d\u2019Arts.<\/p>\n\n\n\n<p>Cette soir\u00e9e, organis\u00e9e autour d&rsquo;un concert, permet \u00e0 diff\u00e9rents artistes de s\u2019exprimer en utilisant comme support l\u2019un des morceaux des groupes musicaux.<br><\/p>\n\n\n\n<p><strong>Paloma<\/strong> ouvrira l&rsquo;\u00e9v\u00e9nement avec un r\u00e9pertoire de chanson jazz, espagnole et latino.<\/p>\n\n\n\n<p>Nous aurons ensuite le plaisir d\u2019\u00e9couter le groupe <strong>Brasero<\/strong>, dont la&nbsp;voix douce et puissante \u00e0 la fois&nbsp;nous emm\u00e8nera dans un univers rock po\u00e9tique sur la musique de deux guitares et d&rsquo;une contrebasse.&nbsp;<\/p>\n\n\n\n<p>Lors de la soir\u00e9e, le dessinateur de BD <strong>Juanito<\/strong>, le plasticien <strong>Pascal Minart<\/strong>&nbsp; et la photographe <strong>Charlotte Fleurial<\/strong> finaliseront une \u0153uvre pr\u00e9par\u00e9e en amont \u00e0 partir du texte et de la musique du morceau choisi.<\/p>\n\n\n\n<p>Certains ont l&rsquo;esprit de performance, ils r\u00e9aliseront une \u0153uvre en direct.<\/p>\n\n\n\n<p>Pour vivre cette soir\u00e9e avec nous rendez vous le 8 Novembre \u00e0 partir de 19h30 \u00e0 la salle St Exup\u00e9ry de Ver sur Mer<\/p>\n\n\n\n<p>Entr\u00e9e \u00e0 prix libre, buvette sur place (attention pas de restauration)<br><\/p>\n\n\n\n<p>Pour en savoir plus : <a href=\"http:\/\/www.facebook.com\/minedarts\">facebook.com\/minedarts<\/a> ou bien : <a href=\"http:\/\/minedarts.fr\">http:\/\/minedarts.fr<\/a><\/p>\n\n\n\n<p>Une soir\u00e9e organis\u00e9e par l\u2019association Mine d\u2019Arts avec le soutien de STM et la commune de Ver\/Mer<\/p>\n\n\n\n<p>A bient\u00f4t, l&rsquo;\u00e9quipe d&rsquo;organisation.<\/p>\n\n\n\n<p>L&rsquo;\u00e9quipe d&rsquo;organisation.<\/p>\n\n\n\n<figure class=\"wp-block-image size-large\"><img loading=\"lazy\" decoding=\"async\" width=\"723\" height=\"1024\" src=\"http:\/\/minedarts.fr\/wp-content\/uploads\/2025\/09\/Affiche-723x1024.png\" alt=\"\" class=\"wp-image-1894\" srcset=\"https:\/\/minedarts.fr\/wp-content\/uploads\/2025\/09\/Affiche.png 723w, https:\/\/minedarts.fr\/wp-content\/uploads\/2025\/09\/Affiche-212x300.png 212w, https:\/\/minedarts.fr\/wp-content\/uploads\/2025\/09\/Affiche-768x1088.png 768w, https:\/\/minedarts.fr\/wp-content\/uploads\/2025\/09\/Affiche-1084x1536.png 1084w, https:\/\/minedarts.fr\/wp-content\/uploads\/2025\/09\/Affiche-1446x2048.png 1446w\" sizes=\"(max-width: 723px) 100vw, 723px\" \/><\/figure>\n\n\n\n<p><br><\/p>\n","protected":false},"excerpt":{"rendered":"<p>Le 8 novembre 2025 l&rsquo;association Mine d&rsquo;Arts organise les 9\u00e8me \u00ab\u00a0Rencontres Mine d&rsquo;Arts\u00a0\u00bb Le 8 Novembre prochain se d\u00e9rouleront les 9\u00e8me rencontres Mine d\u2019Arts. Cette soir\u00e9e, organis\u00e9e autour d&rsquo;un concert, permet \u00e0 diff\u00e9rents artistes de s\u2019exprimer en utilisant comme support l\u2019un des morceaux des groupes musicaux. Paloma ouvrira l&rsquo;\u00e9v\u00e9nement avec un r\u00e9pertoire de chanson jazz, [&hellip;]<\/p>\n","protected":false},"author":1,"featured_media":0,"comment_status":"closed","ping_status":"closed","sticky":false,"template":"","format":"standard","meta":{"footnotes":""},"categories":[6],"tags":[],"_links":{"self":[{"href":"https:\/\/minedarts.fr\/index.php\/wp-json\/wp\/v2\/posts\/1900"}],"collection":[{"href":"https:\/\/minedarts.fr\/index.php\/wp-json\/wp\/v2\/posts"}],"about":[{"href":"https:\/\/minedarts.fr\/index.php\/wp-json\/wp\/v2\/types\/post"}],"author":[{"embeddable":true,"href":"https:\/\/minedarts.fr\/index.php\/wp-json\/wp\/v2\/users\/1"}],"replies":[{"embeddable":true,"href":"https:\/\/minedarts.fr\/index.php\/wp-json\/wp\/v2\/comments?post=1900"}],"version-history":[{"count":1,"href":"https:\/\/minedarts.fr\/index.php\/wp-json\/wp\/v2\/posts\/1900\/revisions"}],"predecessor-version":[{"id":1901,"href":"https:\/\/minedarts.fr\/index.php\/wp-json\/wp\/v2\/posts\/1900\/revisions\/1901"}],"wp:attachment":[{"href":"https:\/\/minedarts.fr\/index.php\/wp-json\/wp\/v2\/media?parent=1900"}],"wp:term":[{"taxonomy":"category","embeddable":true,"href":"https:\/\/minedarts.fr\/index.php\/wp-json\/wp\/v2\/categories?post=1900"},{"taxonomy":"post_tag","embeddable":true,"href":"https:\/\/minedarts.fr\/index.php\/wp-json\/wp\/v2\/tags?post=1900"}],"curies":[{"name":"wp","href":"https:\/\/api.w.org\/{rel}","templated":true}]}}