{"id":1736,"date":"2023-10-11T18:23:49","date_gmt":"2023-10-11T16:23:49","guid":{"rendered":"http:\/\/minedarts.fr\/?p=1736"},"modified":"2023-10-11T18:23:49","modified_gmt":"2023-10-11T16:23:49","slug":"rencontres-mine-darts-2023","status":"publish","type":"post","link":"https:\/\/minedarts.fr\/index.php\/2023\/10\/11\/rencontres-mine-darts-2023\/","title":{"rendered":"Rencontres Mine d&rsquo;Arts 2023"},"content":{"rendered":"\n<h2 class=\"wp-block-heading\"><em>Le 4 novembre 2023 l&rsquo;association Mine d&rsquo;Arts organise<\/em><\/h2>\n\n\n\n<h2 class=\"wp-block-heading\"><em>les 8<sup>\u00e8me<\/sup> \u00ab\u00a0Rencontres Mine d&rsquo;Arts\u00a0\u00bb<\/em><\/h2>\n\n\n\n<p><\/p>\n\n\n\n<h2 class=\"wp-block-heading\"><\/h2>\n\n\n\n<p>Cette soir\u00e9e, organis\u00e9e autour de 3 concerts, permet \u00e0 diff\u00e9rents artistes de s\u2019exprimer en utilisant comme support l\u2019un des morceaux des groupes musicaux.<\/p>\n\n\n\n<p>Nous aurons le plaisir de d\u00e9couvrir les univers musicaux de Salom\u00e9, Maha Incasa, Salem 4.0 et Pura Vida.<\/p>\n\n\n\n<p>Lors de la soir\u00e9e, les dessinateurs et les plasticiens finaliseront une \u0153uvre pr\u00e9par\u00e9e en amont \u00e0 partir du texte et de la musique du morceau choisi. Certains ont l&rsquo;esprit de performance, il r\u00e9aliseront une \u0153uvre en direct. Les photographes exposeront leurs prises de vues.<\/p>\n\n\n\n<p>Pour vivre cette soir\u00e9e avec nous rendez vous le <strong>4 novembre<\/strong> \u00e0 partir de 19h30 \u00e0 la salle Cadence de Tilly sur Seulles<\/p>\n\n\n\n<p>Entr\u00e9e 5\u20ac, gratuit pour les moins de 12 ans, buvette sur place (<strong>attention pas de restauration<\/strong>)<br><\/p>\n\n\n\n<p>Le travail des dessinateurs, photographes et plasticiens sera film\u00e9 et projet\u00e9, notamment lors de la prestation du groupe de musique.<\/p>\n\n\n\n<p>Pour en savoir plus : <a href=\"http:\/\/www.facebook.com\/minedarts\">facebook.com\/minedarts<\/a> ou bien : <a href=\"http:\/\/minedarts.fr\">http:\/\/minedarts.fr<\/a><\/p>\n\n\n\n<p>Une soir\u00e9e organis\u00e9e par l\u2019association Mine d\u2019Arts<\/p>\n\n\n\n<p>A bient\u00f4t,<br><\/p>\n\n\n\n<p>L&rsquo;\u00e9quipe d&rsquo;organisation.<\/p>\n\n\n\n<figure class=\"wp-block-image size-large\"><img loading=\"lazy\" decoding=\"async\" width=\"732\" height=\"1024\" src=\"http:\/\/minedarts.fr\/wp-content\/uploads\/2023\/10\/affiche-minedart-2023-v2-01-732x1024.jpg\" alt=\"Affiche 8eme rencontres\" class=\"wp-image-1732\" srcset=\"https:\/\/minedarts.fr\/wp-content\/uploads\/2023\/10\/affiche-minedart-2023-v2-01.jpg 732w, https:\/\/minedarts.fr\/wp-content\/uploads\/2023\/10\/affiche-minedart-2023-v2-01-214x300.jpg 214w, https:\/\/minedarts.fr\/wp-content\/uploads\/2023\/10\/affiche-minedart-2023-v2-01-768x1074.jpg 768w\" sizes=\"(max-width: 732px) 100vw, 732px\" \/><\/figure>\n\n\n\n<p><br><\/p>\n","protected":false},"excerpt":{"rendered":"<p>Le 4 novembre 2023 l&rsquo;association Mine d&rsquo;Arts organise les 8\u00e8me \u00ab\u00a0Rencontres Mine d&rsquo;Arts\u00a0\u00bb Cette soir\u00e9e, organis\u00e9e autour de 3 concerts, permet \u00e0 diff\u00e9rents artistes de s\u2019exprimer en utilisant comme support l\u2019un des morceaux des groupes musicaux. Nous aurons le plaisir de d\u00e9couvrir les univers musicaux de Salom\u00e9, Maha Incasa, Salem 4.0 et Pura Vida. Lors [&hellip;]<\/p>\n","protected":false},"author":1,"featured_media":0,"comment_status":"closed","ping_status":"closed","sticky":false,"template":"","format":"standard","meta":{"footnotes":""},"categories":[6],"tags":[],"_links":{"self":[{"href":"https:\/\/minedarts.fr\/index.php\/wp-json\/wp\/v2\/posts\/1736"}],"collection":[{"href":"https:\/\/minedarts.fr\/index.php\/wp-json\/wp\/v2\/posts"}],"about":[{"href":"https:\/\/minedarts.fr\/index.php\/wp-json\/wp\/v2\/types\/post"}],"author":[{"embeddable":true,"href":"https:\/\/minedarts.fr\/index.php\/wp-json\/wp\/v2\/users\/1"}],"replies":[{"embeddable":true,"href":"https:\/\/minedarts.fr\/index.php\/wp-json\/wp\/v2\/comments?post=1736"}],"version-history":[{"count":1,"href":"https:\/\/minedarts.fr\/index.php\/wp-json\/wp\/v2\/posts\/1736\/revisions"}],"predecessor-version":[{"id":1737,"href":"https:\/\/minedarts.fr\/index.php\/wp-json\/wp\/v2\/posts\/1736\/revisions\/1737"}],"wp:attachment":[{"href":"https:\/\/minedarts.fr\/index.php\/wp-json\/wp\/v2\/media?parent=1736"}],"wp:term":[{"taxonomy":"category","embeddable":true,"href":"https:\/\/minedarts.fr\/index.php\/wp-json\/wp\/v2\/categories?post=1736"},{"taxonomy":"post_tag","embeddable":true,"href":"https:\/\/minedarts.fr\/index.php\/wp-json\/wp\/v2\/tags?post=1736"}],"curies":[{"name":"wp","href":"https:\/\/api.w.org\/{rel}","templated":true}]}}