{"id":1229,"date":"2021-10-29T17:49:28","date_gmt":"2021-10-29T15:49:28","guid":{"rendered":"http:\/\/minedarts.fr\/?p=1229"},"modified":"2021-10-29T17:49:28","modified_gmt":"2021-10-29T15:49:28","slug":"concert-dessine","status":"publish","type":"post","link":"https:\/\/minedarts.fr\/index.php\/2021\/10\/29\/concert-dessine\/","title":{"rendered":"Concert dessin\u00e9"},"content":{"rendered":"\n<h2 class=\"wp-block-heading\"> <em><strong>L&rsquo;association Mine d&rsquo;arts est tr\u00e8s heureuse de pouvoir enfin vous pr\u00e9senter ce concert dessin\u00e9<\/strong><\/em><\/h2>\n\n\n\n<p><\/p>\n\n\n\n<h2 class=\"wp-block-heading\"><\/h2>\n\n\n\n<p>C&rsquo;est du fond de sa Normandie que VINCENT MIL d\u00e9couvre la guitare. Il affectionne particuli\u00e8rement la chanson fran\u00e7aise. A son tour il s&rsquo;imagine des histoires qu&rsquo;il met en musique. Il aime la vie, le pass\u00e9, le pr\u00e9sent, le futur; Il croque des instants choisis pour en faire une chanson. Parfois enjou\u00e9, parfois m\u00e9lancolique, parfois dr\u00f4le&#8230;.souvent tendre, il partage ses \u00e9motions, ses joies, ses craintes.\u200b Il joue accompagn\u00e9 de ses deux complices: Emmanuelle VILLAIN au violon et Didier BAREY \u00e0 la basse.<\/p>\n\n\n\n<p>Juanito est un artiste autodidacte issu de l&rsquo;univers de la bande dessin\u00e9e. Il \u0153uvre longtemps au sein de l&rsquo;association ACCABD (un collectif d&rsquo;auteur amateur normand) o\u00f9 il perfectionne son art. Apr\u00e8s des ann\u00e9es \u00e0 dessiner des bulles et des cases pour le plaisir, il se d\u00e9couvre petit \u00e0 petit un go\u00fbt pour le croisement entre diff\u00e9rentes formes d&rsquo;art. Il a r\u00e9alis\u00e9 des fresques en grand format en peinture pendant des festival BD ou illustr\u00e9 des chansons pendant le festival \u00ab\u00a0Rencontres mine d&rsquo;arts\u00a0\u00bb. Pour lui, le concert dessin\u00e9 sera donc l&rsquo;aboutissement de ce cheminement.<\/p>\n\n\n\n<p>Arrivera-t-il \u00e0 relever le d\u00e9fi? A faire rire et \u00e9mouvoir tout autant que les chansons de Vincent Mil?<\/p>\n\n\n\n<p class=\"has-medium-font-size\"><strong>La r\u00e9ponse le 20 novembre \u00e0 20h30 dans la salle polyvalente de Fontenay le Pesnel<\/strong><\/p>\n\n\n\n<p>Pour en savoir plus : <a href=\"http:\/\/www.facebook.com\/minedarts\">http:\/\/www.facebook.com\/minedarts<\/a>\n        ou : <a href=\"http:\/\/minedarts.fr\">http:\/\/minedarts.fr<\/a><\/p>\n\n\n\n<p>A bient\u00f4t, l&rsquo;\u00e9quipe d&rsquo;organisation.<\/p>\n\n\n\n<figure class=\"wp-block-image size-large\"><img loading=\"lazy\" decoding=\"async\" width=\"724\" height=\"1024\" src=\"http:\/\/minedarts.fr\/wp-content\/uploads\/2021\/10\/affiche2-724x1024.png\" alt=\"\" class=\"wp-image-1225\" srcset=\"https:\/\/minedarts.fr\/wp-content\/uploads\/2021\/10\/affiche2.png 724w, https:\/\/minedarts.fr\/wp-content\/uploads\/2021\/10\/affiche2-212x300.png 212w, https:\/\/minedarts.fr\/wp-content\/uploads\/2021\/10\/affiche2-768x1086.png 768w, https:\/\/minedarts.fr\/wp-content\/uploads\/2021\/10\/affiche2-1086x1536.png 1086w, https:\/\/minedarts.fr\/wp-content\/uploads\/2021\/10\/affiche2-1448x2048.png 1448w, https:\/\/minedarts.fr\/wp-content\/uploads\/2021\/10\/affiche2-1320x1867.png 1320w\" sizes=\"(max-width: 724px) 100vw, 724px\" \/><\/figure>\n\n\n\n<p><br><\/p>\n","protected":false},"excerpt":{"rendered":"<p>L&rsquo;association Mine d&rsquo;arts est tr\u00e8s heureuse de pouvoir enfin vous pr\u00e9senter ce concert dessin\u00e9 C&rsquo;est du fond de sa Normandie que VINCENT MIL d\u00e9couvre la guitare. Il affectionne particuli\u00e8rement la chanson fran\u00e7aise. A son tour il s&rsquo;imagine des histoires qu&rsquo;il met en musique. Il aime la vie, le pass\u00e9, le pr\u00e9sent, le futur; Il croque [&hellip;]<\/p>\n","protected":false},"author":1,"featured_media":0,"comment_status":"closed","ping_status":"closed","sticky":false,"template":"","format":"standard","meta":{"footnotes":""},"categories":[6],"tags":[],"_links":{"self":[{"href":"https:\/\/minedarts.fr\/index.php\/wp-json\/wp\/v2\/posts\/1229"}],"collection":[{"href":"https:\/\/minedarts.fr\/index.php\/wp-json\/wp\/v2\/posts"}],"about":[{"href":"https:\/\/minedarts.fr\/index.php\/wp-json\/wp\/v2\/types\/post"}],"author":[{"embeddable":true,"href":"https:\/\/minedarts.fr\/index.php\/wp-json\/wp\/v2\/users\/1"}],"replies":[{"embeddable":true,"href":"https:\/\/minedarts.fr\/index.php\/wp-json\/wp\/v2\/comments?post=1229"}],"version-history":[{"count":2,"href":"https:\/\/minedarts.fr\/index.php\/wp-json\/wp\/v2\/posts\/1229\/revisions"}],"predecessor-version":[{"id":1231,"href":"https:\/\/minedarts.fr\/index.php\/wp-json\/wp\/v2\/posts\/1229\/revisions\/1231"}],"wp:attachment":[{"href":"https:\/\/minedarts.fr\/index.php\/wp-json\/wp\/v2\/media?parent=1229"}],"wp:term":[{"taxonomy":"category","embeddable":true,"href":"https:\/\/minedarts.fr\/index.php\/wp-json\/wp\/v2\/categories?post=1229"},{"taxonomy":"post_tag","embeddable":true,"href":"https:\/\/minedarts.fr\/index.php\/wp-json\/wp\/v2\/tags?post=1229"}],"curies":[{"name":"wp","href":"https:\/\/api.w.org\/{rel}","templated":true}]}}